{"id":919,"date":"2022-10-04T09:00:00","date_gmt":"2022-10-04T07:00:00","guid":{"rendered":"http:\/\/www.langhe.net\/?p=919"},"modified":"2022-10-14T16:02:47","modified_gmt":"2022-10-14T14:02:47","slug":"the-national-truffle-fair-and-the-market","status":"publish","type":"post","link":"https:\/\/langhe.net\/en\/919\/the-national-truffle-fair-and-the-market\/","title":{"rendered":"The history behind the White Truffle International Fair in Alba"},"content":{"rendered":"<p>4Since its <strong>Roman origins<\/strong>, Alba has always been a city inclined towards <strong>commerce<\/strong>.<\/p>\n<p>The local markets and <strong>celebrations<\/strong> have a history that has been going on for centuries.<\/p>\n<p>Initially they had a <strong>religious<\/strong> purpose, then with the Constitution of the Albertine Statute (1848) these events became <strong>purely of a civil nature<\/strong>.<\/p>\n<p>The city&#8217;s commercial nature became increasingly stronger after the prosperity brought upon by the <strong>Unity of Italy<\/strong>.<\/p>\n<p>In the early 1900s Alba saw <strong>considerable development<\/strong>, particularly in the left part of the Tanaro river.<\/p>\n<p>This is why in 1925 the <strong>Frazione Mussotto<\/strong> obtained the municipality&#8217;s approval to organize, at the beginning of September, an <strong>annual holiday<\/strong> to celebrate livestock.<\/p>\n<p>Three years later, during a meeting of all the major cities in the province,&nbsp;<a href=\"https:\/\/langhe.net\/en\/town\/alba-piedmont\/?lang=en\">Alba<\/a> too asked for, and obtained, the permit to <strong>set up its own autumn holiday<\/strong>.<\/p>\n<div class=\"content__image aligncenter size-landscape-lg wp-image-188369\"><div class=\"ratio\"><div class=\"ratio__content\"><img loading=\"lazy\" decoding=\"async\" class=\"aligncenter size-landscape-lg wp-image-188369\" src=\"https:\/\/langhe.net\/wp-content\/uploads\/2017\/09\/Anni-1920-Alba-Stazione-1400x875.jpg\" alt=\"\" width=\"1400\" height=\"875\" srcset=\"https:\/\/langhe.net\/wp-content\/uploads\/2017\/09\/Anni-1920-Alba-Stazione-1400x875.jpg 1400w, https:\/\/langhe.net\/wp-content\/uploads\/2017\/09\/Anni-1920-Alba-Stazione-900x563.jpg 900w, https:\/\/langhe.net\/wp-content\/uploads\/2017\/09\/Anni-1920-Alba-Stazione-550x344.jpg 550w, https:\/\/langhe.net\/wp-content\/uploads\/2017\/09\/Anni-1920-Alba-Stazione-250x157.jpg 250w\" sizes=\"auto, (max-width: 1400px) 100vw, 1400px\" \/><\/div><\/div><\/div><\/p>\n<h2>The Harvesting Festival<\/h2>\n<p>The <strong>first Alba Fair<\/strong> was established as the Harvesting Festival.<\/p>\n<p>Given the <strong>vast area available<\/strong> for the celebrations, it was decided to unite the festival with the Mussotto feast which, in the meantime, grew considerably and needed to find new space.<\/p>\n<p>In addition to <strong>exhibiting the typical Mussotto livestock<\/strong>, the town of Alba was ready to host various types of <strong>popular events<\/strong> and <strong>exhibitions<\/strong>, including one entirely dedicated to truffles.<\/p>\n<h3>The relation between truffle and the city of Alba<\/h3>\n<p>The truffle entered the history of this area in a very <strong>natural way<\/strong>, in ancient times:<em> triffole<\/em> or <em>tartuffoli<\/em> were one of the regular Communities\u2019 expenses, made each year to<strong> honour lords and feudatars<\/strong> by giving them the precious mushrooms.<\/p>\n<p>But truffles were bought also by simple farmers, and when in <strong>1741<\/strong> count <strong>Carlo Giacinto Roero<\/strong> from <a href=\"https:\/\/langhe.net\/en\/town\/vezza-piedmont\/\">Vezza<\/a> tried to disciplinate the truffle market, the local Community reacted vogorously.<\/p>\n<p>The rural proclamations tried to <strong>impose a tax on each excavation<\/strong>, but the peasants defended themselves by declaring that the good they got from their lands was necessary to make up for the<strong> payment of taxes<\/strong>.<\/p>\n<p>It\u2019s clear how closely truffles were<strong> linked<\/strong> to farming economy.<\/p>\n<div class=\"caption__container content__image aligncenter size-full\"><div class=\"ratio\"><div class=\"ratio__content\"><img loading=\"lazy\" decoding=\"async\" class=\"wp-image-94786 size-full\" src=\"https:\/\/langhe.net\/wp-content\/uploads\/2017\/01\/Tartufo-1.jpg\" width=\"918\" height=\"687\" srcset=\"https:\/\/langhe.net\/wp-content\/uploads\/2017\/01\/Tartufo-1.jpg 918w, https:\/\/langhe.net\/wp-content\/uploads\/2017\/01\/Tartufo-1-250x187.jpg 250w, https:\/\/langhe.net\/wp-content\/uploads\/2017\/01\/Tartufo-1-300x225.jpg 300w, https:\/\/langhe.net\/wp-content\/uploads\/2017\/01\/Tartufo-1-768x575.jpg 768w, https:\/\/langhe.net\/wp-content\/uploads\/2017\/01\/Tartufo-1-450x337.jpg 450w\" sizes=\"auto, (max-width: 918px) 100vw, 918px\" \/><\/div><\/div><p class=\"caption__text\"><br \/>The trifulau (truffle hunters) at the fair<\/p><\/div>\n<h3>The Truffle &#8220;exhibition&#8221;<\/h3>\n<p>The 1928 truffle exhibition was created by the hotelier and restaurateur&nbsp;<a href=\"https:\/\/langhe.net\/en\/949\/characters-of-truffles\/\">Giacomo Morra<\/a>.<\/p>\n<p>He decided to give value to this excellence, recognizing its great <strong>food and wine<\/strong> and <strong>tourism potential<\/strong> and used the term <strong>&#8220;Alba Truffle&#8221;<\/strong> for the very first time.<\/p>\n<p>The success of this initiative was so great that it became a <strong>permanent event<\/strong>, and introduced a prize for the best truffle.<\/p>\n<h3>The \u201cExhibition sample fair, with prizes, of renowned Langhe Truffles\u201d<\/h3>\n<p>The following year, in 1929, the first \u201cExhibition sample fair, with prizes, of renowned Langhe Truffles\u201d was <strong>organized<\/strong>.<\/p>\n<p>It took place in <strong>late autumn<\/strong>, one month after the Harvest Festival, so as to favor the <strong>maturation of this hypogeum fungus<\/strong>.<\/p>\n<p>In 1932 the fair, as it was fully developing, consolidated its ties with the <strong>typical products of the area<\/strong> and in particular with wines.<\/p>\n<p>During that year <strong>Pinot Gallizio<\/strong> launched the <a href=\"https:\/\/langhe.net\/evento\/alba-palio-degli-asini\/\">Donkey Palio<\/a> (Italian content only), the farcical <strong>donkey race<\/strong> created to give the Truffle Fair importance and to mock the Asti Palio.<\/p>\n<div class=\"caption__container content__image aligncenter size-landscape-lg\"><div class=\"ratio\"><div class=\"ratio__content\"><img loading=\"lazy\" decoding=\"async\" class=\"size-landscape-lg wp-image-186528\" src=\"https:\/\/langhe.net\/wp-content\/uploads\/2019\/09\/palio-1400x875.jpg\" alt=\"The departure of the Donkey race\" width=\"1400\" height=\"875\" srcset=\"https:\/\/langhe.net\/wp-content\/uploads\/2019\/09\/palio-1400x875.jpg 1400w, https:\/\/langhe.net\/wp-content\/uploads\/2019\/09\/palio-900x563.jpg 900w, https:\/\/langhe.net\/wp-content\/uploads\/2019\/09\/palio-550x344.jpg 550w\" sizes=\"auto, (max-width: 1400px) 100vw, 1400px\" \/><\/div><\/div><p class=\"caption__text\">The departure of the Donkey race<\/p><\/div>\n<h2>The first Truffle Fair<\/h2>\n<p>In 1933 the <strong>Truffle Fair<\/strong> officially replaced the Autumn Festival.<\/p>\n<p>Each passing year the citizens and people living in the area <strong>awaited the fair with great expectation<\/strong>, and the event became richer and richer.<\/p>\n<p>The <strong>side events<\/strong> kept increasing, thus keeping the event lively for numerous days.<\/p>\n<p><strong>The first tourists were attracted<\/strong> by the musicians who paraded in the city streets and by the restaurants that offered truffle-based dishes in what had been, until then, a <strong>small town fair<\/strong>.<\/p>\n<p><iframe loading=\"lazy\" title=\"La X Fiera del tartufo inaugurata dal ministro Rossoni.\" width=\"500\" height=\"375\" src=\"https:\/\/www.youtube.com\/embed\/Xk910hvnR18?feature=oembed\" frameborder=\"0\" allow=\"accelerometer; autoplay; clipboard-write; encrypted-media; gyroscope; picture-in-picture; web-share\" referrerpolicy=\"strict-origin-when-cross-origin\" allowfullscreen><\/iframe><\/p>\n<h2>The Fair becomes provincial<\/h2>\n<p><strong>The fair was suspended during the war years<\/strong>, yet it was <strong>re-launched in 1945<\/strong> as a testimony of the desire of the people from Alba to resume their ancient customs.<\/p>\n<p>The event imposed itself with the same <strong>splendor<\/strong> and <strong>spirit<\/strong> as previous years, earning the title of &#8220;provincial event&#8221;.<\/p>\n<p><iframe loading=\"lazy\" title=\"Tradizioni italiane. La fiera del tartufo di Alba\" width=\"500\" height=\"375\" src=\"https:\/\/www.youtube.com\/embed\/wNetW0lrCIw?feature=oembed\" frameborder=\"0\" allow=\"accelerometer; autoplay; clipboard-write; encrypted-media; gyroscope; picture-in-picture; web-share\" referrerpolicy=\"strict-origin-when-cross-origin\" allowfullscreen><\/iframe><\/p>\n<p>Around the 1950s the event organizers decided that it was time to <strong>promote it even further<\/strong> by showing it on TV so as to make it known to a <strong>wider public.<\/strong><\/p>\n<h2>The Fair becomes national<\/h2>\n<p>During the next decade, the <strong>cultural events<\/strong> became <strong>more varied<\/strong> so as to attract more visitors and tourists.<\/p>\n<p>The <strong>history and tradition<\/strong> of local communities were added to the food and wine aspect of the event.<\/p>\n<p>From the 1970s onwards, the Fair continued to maintain its prestige and the <strong>people attending the even<\/strong>t grew year after year.<\/p>\n<p>And as a result, <strong>in the late 1980s<\/strong>, the fair moved from provincial to national.<\/p>\n<h2>The Fair becomes international<\/h2>\n<p>Time moved on and the people from Alba felt that something had to change.<\/p>\n<p>So in 2003, the <strong>Ente Fiera Nazionale del Tartufo<\/strong> was created: a body that brings together the forces of the City of Alba, the Alba Association of Commerce and the Giostra delle Cento Torri.<\/p>\n<p>This <strong>new organization<\/strong> enables the Fair to reach its maximum splendor.<\/p>\n<p>In 2007 it was awarded the title \u201c<strong>Alba International White Truffle Fair<\/strong>\u201d, and today it is one of the city&#8217;s most important events and a world showcase for <strong>Langhe, Roero and Monferrato<\/strong>.<\/p>\n<div class=\"content__image aligncenter size-featured_large wp-image-186260\"><div class=\"ratio\"><div class=\"ratio__content\"><img loading=\"lazy\" decoding=\"async\" class=\"aligncenter size-featured_large wp-image-186260\" src=\"https:\/\/langhe.net\/wp-content\/uploads\/2015\/09\/baccanale-53-1500x630.jpg\" alt=\"\" width=\"1500\" height=\"630\"><\/div><\/div><\/div><\/p>\n<h2>Visit the Fair<\/h2>\n<p>The International White Truffle Fair is without a doubt <strong>Alba&#8217;s main event<\/strong>, an unmissable appointment for lovers of both this prestigious mushroom and wine who want to visit the Langhe and the Roero regions.<\/p>\n<p>The numerous&nbsp;<a href=\"https:\/\/langhe.net\/etags\/fiera-tartufo-alba\/\">events<\/a> (Italian content only) organized at the fair are held during the <strong>months of October and November<\/strong>.<\/p>\n<p><a href=\"https:\/\/langhe.net\/etags\/fiera-tartufo-alba\/\">&gt; Discover all the events at the Truffle Fair&nbsp;<\/a>&nbsp;(Italian content only)<\/p>\n<p>If you&#8217;d like to <strong>learn more on the subject<\/strong> and visit the Langhe during the fair, don&#8217;t miss our&nbsp;<a href=\"\/?page_id=64807\">Special: all you wanted to know, but never dared to ask!<\/a>&nbsp;(Italian content only)<\/p>\n<p><a href=\"\/?page_id=64807\">&gt; Go to the Truffle Fair Special<\/a>&nbsp;(Italian content only)<\/p>\n","protected":false},"excerpt":{"rendered":"<p>The Truffle Fair began in 1929 as the &#8220;Exhibition sample fair, with prizes, of renowned Langhe Truffles&#8221;, as part of the festivities of the Harvesting Festival.<\/p>\n","protected":false},"author":1232,"featured_media":94786,"comment_status":"closed","ping_status":"closed","sticky":false,"template":"","format":"standard","meta":{"_acf_changed":false,"_monsterinsights_skip_tracking":false,"_monsterinsights_sitenote_active":false,"_monsterinsights_sitenote_note":"","_monsterinsights_sitenote_category":0,"footnotes":""},"categories":[1209],"tags":[1213,469],"lgarea":[],"class_list":["post-919","post","type-post","status-publish","format-standard","has-post-thumbnail","hentry","category-art-culture","tag-truffles-fair-in-alba","tag-truffle"],"yoast_head":"<!-- This site is optimized with the Yoast SEO plugin v27.3 - https:\/\/yoast.com\/product\/yoast-seo-wordpress\/ -->\n<title>The history behind the White Truffle International Fair in Alba<\/title>\n<meta name=\"description\" content=\"The Truffle Fair began in 1929 as the &quot;Exhibition sample fair, with prizes, of renowned Langhe Truffles&quot;, as part of the festivities of the Harvesting Festival.\" \/>\n<meta name=\"robots\" content=\"index, follow, max-snippet:-1, max-image-preview:large, max-video-preview:-1\" \/>\n<link rel=\"canonical\" href=\"https:\/\/langhe.net\/en\/919\/the-national-truffle-fair-and-the-market\/\" \/>\n<meta property=\"og:locale\" content=\"en_US\" \/>\n<meta property=\"og:type\" content=\"article\" \/>\n<meta property=\"og:title\" content=\"The history behind the White Truffle International Fair in Alba\" \/>\n<meta property=\"og:description\" content=\"The Truffle Fair began in 1929 as the &quot;Exhibition sample fair, with prizes, of renowned Langhe Truffles&quot;, as part of the festivities of the Harvesting Festival.\" \/>\n<meta property=\"og:url\" content=\"https:\/\/langhe.net\/en\/919\/the-national-truffle-fair-and-the-market\/\" \/>\n<meta property=\"og:site_name\" content=\"LoveLanghe\" \/>\n<meta property=\"article:publisher\" content=\"https:\/\/www.facebook.com\/lovelanghe\" \/>\n<meta property=\"article:published_time\" content=\"2022-10-04T07:00:00+00:00\" \/>\n<meta property=\"article:modified_time\" content=\"2022-10-14T14:02:47+00:00\" \/>\n<meta property=\"og:image\" content=\"https:\/\/langhe.net\/wp-content\/uploads\/2017\/01\/Tartufo-1.jpg\" \/>\n\t<meta property=\"og:image:width\" content=\"918\" \/>\n\t<meta property=\"og:image:height\" content=\"687\" \/>\n\t<meta property=\"og:image:type\" content=\"image\/jpeg\" \/>\n<meta name=\"author\" content=\"Federica Crucitti\" \/>\n<meta name=\"twitter:card\" content=\"summary_large_image\" \/>\n<meta name=\"twitter:creator\" content=\"@ilovelanghe\" \/>\n<meta name=\"twitter:site\" content=\"@ilovelanghe\" \/>\n<meta name=\"twitter:label1\" content=\"Written by\" \/>\n\t<meta name=\"twitter:data1\" content=\"Federica Crucitti\" \/>\n\t<meta name=\"twitter:label2\" content=\"Est. reading time\" \/>\n\t<meta name=\"twitter:data2\" content=\"6 minutes\" \/>\n<script type=\"application\/ld+json\" class=\"yoast-schema-graph\">{\"@context\":\"https:\\\/\\\/schema.org\",\"@graph\":[{\"@type\":\"Article\",\"@id\":\"https:\\\/\\\/langhe.net\\\/en\\\/919\\\/the-national-truffle-fair-and-the-market\\\/#article\",\"isPartOf\":{\"@id\":\"https:\\\/\\\/langhe.net\\\/en\\\/919\\\/the-national-truffle-fair-and-the-market\\\/\"},\"author\":{\"name\":\"Federica Crucitti\",\"@id\":\"https:\\\/\\\/langhe.net\\\/en\\\/#\\\/schema\\\/person\\\/a869bec314577c47be8ad6ba935b9582\"},\"headline\":\"The history behind the White Truffle International Fair in Alba\",\"datePublished\":\"2022-10-04T07:00:00+00:00\",\"dateModified\":\"2022-10-14T14:02:47+00:00\",\"mainEntityOfPage\":{\"@id\":\"https:\\\/\\\/langhe.net\\\/en\\\/919\\\/the-national-truffle-fair-and-the-market\\\/\"},\"wordCount\":1011,\"publisher\":{\"@id\":\"https:\\\/\\\/langhe.net\\\/en\\\/#organization\"},\"image\":{\"@id\":\"https:\\\/\\\/langhe.net\\\/en\\\/919\\\/the-national-truffle-fair-and-the-market\\\/#primaryimage\"},\"thumbnailUrl\":\"https:\\\/\\\/langhe.net\\\/wp-content\\\/uploads\\\/2017\\\/01\\\/Tartufo-1.jpg\",\"keywords\":[\"Alba Truffle Fair\",\"truffle\"],\"articleSection\":[\"Art and culture\"],\"inLanguage\":\"en-US\"},{\"@type\":\"WebPage\",\"@id\":\"https:\\\/\\\/langhe.net\\\/en\\\/919\\\/the-national-truffle-fair-and-the-market\\\/\",\"url\":\"https:\\\/\\\/langhe.net\\\/en\\\/919\\\/the-national-truffle-fair-and-the-market\\\/\",\"name\":\"The history behind the White Truffle International Fair in Alba\",\"isPartOf\":{\"@id\":\"https:\\\/\\\/langhe.net\\\/en\\\/#website\"},\"primaryImageOfPage\":{\"@id\":\"https:\\\/\\\/langhe.net\\\/en\\\/919\\\/the-national-truffle-fair-and-the-market\\\/#primaryimage\"},\"image\":{\"@id\":\"https:\\\/\\\/langhe.net\\\/en\\\/919\\\/the-national-truffle-fair-and-the-market\\\/#primaryimage\"},\"thumbnailUrl\":\"https:\\\/\\\/langhe.net\\\/wp-content\\\/uploads\\\/2017\\\/01\\\/Tartufo-1.jpg\",\"datePublished\":\"2022-10-04T07:00:00+00:00\",\"dateModified\":\"2022-10-14T14:02:47+00:00\",\"description\":\"The Truffle Fair began in 1929 as the \\\"Exhibition sample fair, with prizes, of renowned Langhe Truffles\\\", as part of the festivities of the Harvesting Festival.\",\"breadcrumb\":{\"@id\":\"https:\\\/\\\/langhe.net\\\/en\\\/919\\\/the-national-truffle-fair-and-the-market\\\/#breadcrumb\"},\"inLanguage\":\"en-US\",\"potentialAction\":[{\"@type\":\"ReadAction\",\"target\":[\"https:\\\/\\\/langhe.net\\\/en\\\/919\\\/the-national-truffle-fair-and-the-market\\\/\"]}]},{\"@type\":\"ImageObject\",\"inLanguage\":\"en-US\",\"@id\":\"https:\\\/\\\/langhe.net\\\/en\\\/919\\\/the-national-truffle-fair-and-the-market\\\/#primaryimage\",\"url\":\"https:\\\/\\\/langhe.net\\\/wp-content\\\/uploads\\\/2017\\\/01\\\/Tartufo-1.jpg\",\"contentUrl\":\"https:\\\/\\\/langhe.net\\\/wp-content\\\/uploads\\\/2017\\\/01\\\/Tartufo-1.jpg\",\"width\":918,\"height\":687,\"caption\":\"\u00a9courtesy Archivio privato Aldo Agnelli\"},{\"@type\":\"BreadcrumbList\",\"@id\":\"https:\\\/\\\/langhe.net\\\/en\\\/919\\\/the-national-truffle-fair-and-the-market\\\/#breadcrumb\",\"itemListElement\":[{\"@type\":\"ListItem\",\"position\":1,\"name\":\"Home\",\"item\":\"https:\\\/\\\/langhe.net\\\/en\\\/homepage\\\/\"},{\"@type\":\"ListItem\",\"position\":2,\"name\":\"Magazine\",\"item\":\"https:\\\/\\\/langhe.net\\\/en\\\/category\\\/magazine-en\\\/\"},{\"@type\":\"ListItem\",\"position\":3,\"name\":\"Art and culture\",\"item\":\"https:\\\/\\\/langhe.net\\\/en\\\/category\\\/magazine-en\\\/art-culture\\\/\"},{\"@type\":\"ListItem\",\"position\":4,\"name\":\"The history behind the White Truffle International Fair in Alba\"}]},{\"@type\":\"WebSite\",\"@id\":\"https:\\\/\\\/langhe.net\\\/en\\\/#website\",\"url\":\"https:\\\/\\\/langhe.net\\\/en\\\/\",\"name\":\"LoveLanghe\",\"description\":\"...Food and Wine. Art and Culture.\",\"publisher\":{\"@id\":\"https:\\\/\\\/langhe.net\\\/en\\\/#organization\"},\"potentialAction\":[{\"@type\":\"SearchAction\",\"target\":{\"@type\":\"EntryPoint\",\"urlTemplate\":\"https:\\\/\\\/langhe.net\\\/en\\\/?s={search_term_string}\"},\"query-input\":{\"@type\":\"PropertyValueSpecification\",\"valueRequired\":true,\"valueName\":\"search_term_string\"}}],\"inLanguage\":\"en-US\"},{\"@type\":\"Organization\",\"@id\":\"https:\\\/\\\/langhe.net\\\/en\\\/#organization\",\"name\":\"LoveLanghe\",\"url\":\"https:\\\/\\\/langhe.net\\\/en\\\/\",\"logo\":{\"@type\":\"ImageObject\",\"inLanguage\":\"en-US\",\"@id\":\"https:\\\/\\\/langhe.net\\\/en\\\/#\\\/schema\\\/logo\\\/image\\\/\",\"url\":\"https:\\\/\\\/langhe.net\\\/wp-content\\\/uploads\\\/2020\\\/01\\\/favicon.png\",\"contentUrl\":\"https:\\\/\\\/langhe.net\\\/wp-content\\\/uploads\\\/2020\\\/01\\\/favicon.png\",\"width\":122,\"height\":123,\"caption\":\"LoveLanghe\"},\"image\":{\"@id\":\"https:\\\/\\\/langhe.net\\\/en\\\/#\\\/schema\\\/logo\\\/image\\\/\"},\"sameAs\":[\"https:\\\/\\\/www.facebook.com\\\/lovelanghe\",\"https:\\\/\\\/x.com\\\/ilovelanghe\",\"https:\\\/\\\/www.instagram.com\\\/lovelanghe\\\/\",\"https:\\\/\\\/www.youtube.com\\\/channel\\\/UCcXCRJcW2N_aCrKJd5jNWsQ\"]},{\"@type\":\"Person\",\"@id\":\"https:\\\/\\\/langhe.net\\\/en\\\/#\\\/schema\\\/person\\\/a869bec314577c47be8ad6ba935b9582\",\"name\":\"Federica Crucitti\",\"image\":{\"@type\":\"ImageObject\",\"inLanguage\":\"en-US\",\"@id\":\"https:\\\/\\\/secure.gravatar.com\\\/avatar\\\/d7ba6aaeed3f5f11092f21de62b7d83db22f78ea52195379de22e2bc7278ddf7?s=96&d=identicon&r=g\",\"url\":\"https:\\\/\\\/secure.gravatar.com\\\/avatar\\\/d7ba6aaeed3f5f11092f21de62b7d83db22f78ea52195379de22e2bc7278ddf7?s=96&d=identicon&r=g\",\"contentUrl\":\"https:\\\/\\\/secure.gravatar.com\\\/avatar\\\/d7ba6aaeed3f5f11092f21de62b7d83db22f78ea52195379de22e2bc7278ddf7?s=96&d=identicon&r=g\",\"caption\":\"Federica Crucitti\"},\"description\":\"Eterna indecisa e sognatrice, mi piace lasciarmi incantare e perdermi nella magia di tutto ci\u00f2 che mi circonda. Qualche volta mi capita di tornare sul pianeta Terra, pi\u00f9 esattamente nelle Langhe che, dopo una lunga serie traslochi, mi hanno accolta come novella figlia adottiva. \u00c8 proprio l\u00e0 (o meglio qui su queste colline) che, tra una squisitezza gastronomica e l\u2019altra, mi occupo della pubblicazione e della promozione degli eventi del portale Langhe.net.\",\"url\":\"https:\\\/\\\/langhe.net\\\/en\\\/author\\\/fedecru\\\/\"}]}<\/script>\n<!-- \/ Yoast SEO plugin. -->","yoast_head_json":{"title":"The history behind the White Truffle International Fair in Alba","description":"The Truffle Fair began in 1929 as the \"Exhibition sample fair, with prizes, of renowned Langhe Truffles\", as part of the festivities of the Harvesting Festival.","robots":{"index":"index","follow":"follow","max-snippet":"max-snippet:-1","max-image-preview":"max-image-preview:large","max-video-preview":"max-video-preview:-1"},"canonical":"https:\/\/langhe.net\/en\/919\/the-national-truffle-fair-and-the-market\/","og_locale":"en_US","og_type":"article","og_title":"The history behind the White Truffle International Fair in Alba","og_description":"The Truffle Fair began in 1929 as the \"Exhibition sample fair, with prizes, of renowned Langhe Truffles\", as part of the festivities of the Harvesting Festival.","og_url":"https:\/\/langhe.net\/en\/919\/the-national-truffle-fair-and-the-market\/","og_site_name":"LoveLanghe","article_publisher":"https:\/\/www.facebook.com\/lovelanghe","article_published_time":"2022-10-04T07:00:00+00:00","article_modified_time":"2022-10-14T14:02:47+00:00","og_image":[{"width":918,"height":687,"url":"https:\/\/langhe.net\/wp-content\/uploads\/2017\/01\/Tartufo-1.jpg","type":"image\/jpeg"}],"author":"Federica Crucitti","twitter_card":"summary_large_image","twitter_creator":"@ilovelanghe","twitter_site":"@ilovelanghe","twitter_misc":{"Written by":"Federica Crucitti","Est. reading time":"6 minutes"},"schema":{"@context":"https:\/\/schema.org","@graph":[{"@type":"Article","@id":"https:\/\/langhe.net\/en\/919\/the-national-truffle-fair-and-the-market\/#article","isPartOf":{"@id":"https:\/\/langhe.net\/en\/919\/the-national-truffle-fair-and-the-market\/"},"author":{"name":"Federica Crucitti","@id":"https:\/\/langhe.net\/en\/#\/schema\/person\/a869bec314577c47be8ad6ba935b9582"},"headline":"The history behind the White Truffle International Fair in Alba","datePublished":"2022-10-04T07:00:00+00:00","dateModified":"2022-10-14T14:02:47+00:00","mainEntityOfPage":{"@id":"https:\/\/langhe.net\/en\/919\/the-national-truffle-fair-and-the-market\/"},"wordCount":1011,"publisher":{"@id":"https:\/\/langhe.net\/en\/#organization"},"image":{"@id":"https:\/\/langhe.net\/en\/919\/the-national-truffle-fair-and-the-market\/#primaryimage"},"thumbnailUrl":"https:\/\/langhe.net\/wp-content\/uploads\/2017\/01\/Tartufo-1.jpg","keywords":["Alba Truffle Fair","truffle"],"articleSection":["Art and culture"],"inLanguage":"en-US"},{"@type":"WebPage","@id":"https:\/\/langhe.net\/en\/919\/the-national-truffle-fair-and-the-market\/","url":"https:\/\/langhe.net\/en\/919\/the-national-truffle-fair-and-the-market\/","name":"The history behind the White Truffle International Fair in Alba","isPartOf":{"@id":"https:\/\/langhe.net\/en\/#website"},"primaryImageOfPage":{"@id":"https:\/\/langhe.net\/en\/919\/the-national-truffle-fair-and-the-market\/#primaryimage"},"image":{"@id":"https:\/\/langhe.net\/en\/919\/the-national-truffle-fair-and-the-market\/#primaryimage"},"thumbnailUrl":"https:\/\/langhe.net\/wp-content\/uploads\/2017\/01\/Tartufo-1.jpg","datePublished":"2022-10-04T07:00:00+00:00","dateModified":"2022-10-14T14:02:47+00:00","description":"The Truffle Fair began in 1929 as the \"Exhibition sample fair, with prizes, of renowned Langhe Truffles\", as part of the festivities of the Harvesting Festival.","breadcrumb":{"@id":"https:\/\/langhe.net\/en\/919\/the-national-truffle-fair-and-the-market\/#breadcrumb"},"inLanguage":"en-US","potentialAction":[{"@type":"ReadAction","target":["https:\/\/langhe.net\/en\/919\/the-national-truffle-fair-and-the-market\/"]}]},{"@type":"ImageObject","inLanguage":"en-US","@id":"https:\/\/langhe.net\/en\/919\/the-national-truffle-fair-and-the-market\/#primaryimage","url":"https:\/\/langhe.net\/wp-content\/uploads\/2017\/01\/Tartufo-1.jpg","contentUrl":"https:\/\/langhe.net\/wp-content\/uploads\/2017\/01\/Tartufo-1.jpg","width":918,"height":687,"caption":"\u00a9courtesy Archivio privato Aldo Agnelli"},{"@type":"BreadcrumbList","@id":"https:\/\/langhe.net\/en\/919\/the-national-truffle-fair-and-the-market\/#breadcrumb","itemListElement":[{"@type":"ListItem","position":1,"name":"Home","item":"https:\/\/langhe.net\/en\/homepage\/"},{"@type":"ListItem","position":2,"name":"Magazine","item":"https:\/\/langhe.net\/en\/category\/magazine-en\/"},{"@type":"ListItem","position":3,"name":"Art and culture","item":"https:\/\/langhe.net\/en\/category\/magazine-en\/art-culture\/"},{"@type":"ListItem","position":4,"name":"The history behind the White Truffle International Fair in Alba"}]},{"@type":"WebSite","@id":"https:\/\/langhe.net\/en\/#website","url":"https:\/\/langhe.net\/en\/","name":"LoveLanghe","description":"...Food and Wine. Art and Culture.","publisher":{"@id":"https:\/\/langhe.net\/en\/#organization"},"potentialAction":[{"@type":"SearchAction","target":{"@type":"EntryPoint","urlTemplate":"https:\/\/langhe.net\/en\/?s={search_term_string}"},"query-input":{"@type":"PropertyValueSpecification","valueRequired":true,"valueName":"search_term_string"}}],"inLanguage":"en-US"},{"@type":"Organization","@id":"https:\/\/langhe.net\/en\/#organization","name":"LoveLanghe","url":"https:\/\/langhe.net\/en\/","logo":{"@type":"ImageObject","inLanguage":"en-US","@id":"https:\/\/langhe.net\/en\/#\/schema\/logo\/image\/","url":"https:\/\/langhe.net\/wp-content\/uploads\/2020\/01\/favicon.png","contentUrl":"https:\/\/langhe.net\/wp-content\/uploads\/2020\/01\/favicon.png","width":122,"height":123,"caption":"LoveLanghe"},"image":{"@id":"https:\/\/langhe.net\/en\/#\/schema\/logo\/image\/"},"sameAs":["https:\/\/www.facebook.com\/lovelanghe","https:\/\/x.com\/ilovelanghe","https:\/\/www.instagram.com\/lovelanghe\/","https:\/\/www.youtube.com\/channel\/UCcXCRJcW2N_aCrKJd5jNWsQ"]},{"@type":"Person","@id":"https:\/\/langhe.net\/en\/#\/schema\/person\/a869bec314577c47be8ad6ba935b9582","name":"Federica Crucitti","image":{"@type":"ImageObject","inLanguage":"en-US","@id":"https:\/\/secure.gravatar.com\/avatar\/d7ba6aaeed3f5f11092f21de62b7d83db22f78ea52195379de22e2bc7278ddf7?s=96&d=identicon&r=g","url":"https:\/\/secure.gravatar.com\/avatar\/d7ba6aaeed3f5f11092f21de62b7d83db22f78ea52195379de22e2bc7278ddf7?s=96&d=identicon&r=g","contentUrl":"https:\/\/secure.gravatar.com\/avatar\/d7ba6aaeed3f5f11092f21de62b7d83db22f78ea52195379de22e2bc7278ddf7?s=96&d=identicon&r=g","caption":"Federica Crucitti"},"description":"Eterna indecisa e sognatrice, mi piace lasciarmi incantare e perdermi nella magia di tutto ci\u00f2 che mi circonda. Qualche volta mi capita di tornare sul pianeta Terra, pi\u00f9 esattamente nelle Langhe che, dopo una lunga serie traslochi, mi hanno accolta come novella figlia adottiva. \u00c8 proprio l\u00e0 (o meglio qui su queste colline) che, tra una squisitezza gastronomica e l\u2019altra, mi occupo della pubblicazione e della promozione degli eventi del portale Langhe.net.","url":"https:\/\/langhe.net\/en\/author\/fedecru\/"}]}},"acf":[],"_links":{"self":[{"href":"https:\/\/langhe.net\/en\/wp-json\/wp\/v2\/posts\/919","targetHints":{"allow":["GET"]}}],"collection":[{"href":"https:\/\/langhe.net\/en\/wp-json\/wp\/v2\/posts"}],"about":[{"href":"https:\/\/langhe.net\/en\/wp-json\/wp\/v2\/types\/post"}],"author":[{"embeddable":true,"href":"https:\/\/langhe.net\/en\/wp-json\/wp\/v2\/users\/1232"}],"replies":[{"embeddable":true,"href":"https:\/\/langhe.net\/en\/wp-json\/wp\/v2\/comments?post=919"}],"version-history":[{"count":0,"href":"https:\/\/langhe.net\/en\/wp-json\/wp\/v2\/posts\/919\/revisions"}],"wp:featuredmedia":[{"embeddable":true,"href":"https:\/\/langhe.net\/en\/wp-json\/wp\/v2\/media\/94786"}],"wp:attachment":[{"href":"https:\/\/langhe.net\/en\/wp-json\/wp\/v2\/media?parent=919"}],"wp:term":[{"taxonomy":"category","embeddable":true,"href":"https:\/\/langhe.net\/en\/wp-json\/wp\/v2\/categories?post=919"},{"taxonomy":"post_tag","embeddable":true,"href":"https:\/\/langhe.net\/en\/wp-json\/wp\/v2\/tags?post=919"},{"taxonomy":"lgarea","embeddable":true,"href":"https:\/\/langhe.net\/en\/wp-json\/wp\/v2\/lgarea?post=919"}],"curies":[{"name":"wp","href":"https:\/\/api.w.org\/{rel}","templated":true}]}}