{"id":11129,"date":"2015-07-09T19:04:56","date_gmt":"2015-07-09T17:04:56","guid":{"rendered":"http:\/\/langhe.net\/?p=11129"},"modified":"2015-07-09T19:06:33","modified_gmt":"2015-07-09T17:06:33","slug":"2015-mangialonga-piedmont","status":"publish","type":"post","link":"https:\/\/langhe.net\/en\/11129\/2015-mangialonga-piedmont\/","title":{"rendered":"The 2015 &#8216;Mangialonga&#8217;"},"content":{"rendered":"<p>So here we are, in the summer of 2015 talking about <strong>Mangialonga<\/strong>.<\/p>\n<p>The Mangialonga is a cross between a walk and a picnic with some variations dictated by the organizer\u2019s needs or the type of event being organized.<\/p>\n<p>Normally the classic Mangialonga is a<strong> gastronomy-walk at eateries where you can taste the local producers\u2019 delicacies and local wines<\/strong>, but above all it\u2019s a <strong>day of celebration<\/strong>.<\/p>\n<p>The Mangialonga, which take place all summer long, are just some of the culinary events that everyone\u2019s been waiting for: <strong>gatherings<\/strong> with more and more people, including organizers; an alternative way to take advantage of what this land has to offer.<\/p>\n<h2>Food, wine, gatherings: this is the mangialonga spirit<\/h2>\n<p>It\u2019s fantastic and fun to participate in the Mangialonga for several reasons: there\u2019s a strong desire not to miss out on the long summer days and there\u2019s always a group of fun-loving friends; you eat, drink, sing and get together without any fuss and of course&#8230; with the help of a few glasses of wine.<\/p>\n<p>What do we like about the Mangialonga? First of all, it\u2019s a great time to be had for everyone, including children and families; the locations are always changing, just like the dishes and wines. Initially participant\u2019s were strictly local, but over the years some of these events have become regular appointments for fans and tourists who frequently come from abroad.<\/p>\n<p><strong>In the wake of this Italian event<\/strong> some others sprang up abroad such as the <strong>Route Gourmand<\/strong>e in France. The organizers, who form part of the <strong>Brotherhood of Mangialonga<\/strong> group, every year organize appointments and privileged exchanges, especially with some countries like France, Germany and Switzerland.<\/p>\n<p>No doubt the &#8221;original&#8221; and oldest Mangialonga, which dates back to 1986, is the one that takes place in <a href=\"https:\/\/langhe.net\/town\/la-morra-piedmont\/?lang=en\" target=\"_blank\">La Morra<\/a> in August and attracts a growing number of people. It has been placed in the &#8220;<a href=\"http:\/\/www.amazon.it\/weekend-abbandonare-lingannevole-comfort-salotto\/dp\/8878874698\/ref=sr_1_1?ie=UTF8&amp;qid=1432561096&amp;sr=8-1&amp;keywords=Vie+di+fuga+per+il+weekend%22\" target=\"_blank\">Vie di fuga per il weekend<\/a>&#8221; (Weekend Escape Routes) book by Fabio Bortolotti and Claudio Garosci, published by Vallardi.<\/p>\n<p>If you want to find out more about the upcoming Langhe food and wine walks, <a href=\"http:\/\/eventi.langhe.net\/etags\/mangialonghe\/\">you can read all the mangialonghe summer program here<\/a>!<\/p>\n<p style=\"text-align: right;\"><em><strong>Photo credits: <\/strong><a href=\"http:\/\/www.mangialonga.it\/\" target=\"_blank\">Mangialonga<\/a><\/em><\/p>\n<p>&nbsp;<\/p>\n","protected":false},"excerpt":{"rendered":"<p>So here we are, in the summer of 2015 talking about Mangialonga. The Mangialonga is a cross between a walk and a picnic with some variations dictated by the organizer\u2019s needs or the type of event being organized. Normally the classic Mangialonga is a gastronomy-walk at eateries where you can taste the local producers\u2019 delicacies [&hellip;]<\/p>\n","protected":false},"author":1255,"featured_media":87033,"comment_status":"open","ping_status":"closed","sticky":false,"template":"","format":"standard","meta":{"_acf_changed":false,"_monsterinsights_skip_tracking":false,"_monsterinsights_sitenote_active":false,"_monsterinsights_sitenote_note":"","_monsterinsights_sitenote_category":0,"footnotes":""},"categories":[1263],"tags":[],"lgarea":[],"class_list":["post-11129","post","type-post","status-publish","format-standard","has-post-thumbnail","hentry","category-vacation-ideas"],"yoast_head":"<!-- This site is optimized with the Yoast SEO plugin v27.3 - https:\/\/yoast.com\/product\/yoast-seo-wordpress\/ -->\n<title>The 2015 &#039;Mangialonga&#039;<\/title>\n<meta name=\"description\" content=\"So here we are, in the summer of 2015 talking about Mangialonga. The Mangialonga is a cross between a walk and a picnic with some variations dictated by\" \/>\n<meta name=\"robots\" content=\"index, follow, max-snippet:-1, max-image-preview:large, max-video-preview:-1\" \/>\n<link rel=\"canonical\" href=\"https:\/\/langhe.net\/en\/11129\/2015-mangialonga-piedmont\/\" \/>\n<meta property=\"og:locale\" content=\"en_US\" \/>\n<meta property=\"og:type\" content=\"article\" \/>\n<meta property=\"og:title\" content=\"The 2015 &#039;Mangialonga&#039;\" \/>\n<meta property=\"og:description\" content=\"So here we are, in the summer of 2015 talking about Mangialonga. The Mangialonga is a cross between a walk and a picnic with some variations dictated by\" \/>\n<meta property=\"og:url\" content=\"https:\/\/langhe.net\/en\/11129\/2015-mangialonga-piedmont\/\" \/>\n<meta property=\"og:site_name\" content=\"LoveLanghe\" \/>\n<meta property=\"article:publisher\" content=\"https:\/\/www.facebook.com\/lovelanghe\" \/>\n<meta property=\"article:author\" content=\"https:\/\/www.facebook.com\/FedericoCarpinoPhotography\/\" \/>\n<meta property=\"article:published_time\" content=\"2015-07-09T17:04:56+00:00\" \/>\n<meta property=\"article:modified_time\" content=\"2015-07-09T17:06:33+00:00\" \/>\n<meta property=\"og:image\" content=\"https:\/\/langhe.net\/wp-content\/uploads\/2015\/05\/mangialonga.jpg\" \/>\n\t<meta property=\"og:image:width\" content=\"1000\" \/>\n\t<meta property=\"og:image:height\" content=\"665\" \/>\n\t<meta property=\"og:image:type\" content=\"image\/jpeg\" \/>\n<meta name=\"author\" content=\"Federico Carpino\" \/>\n<meta name=\"twitter:card\" content=\"summary_large_image\" \/>\n<meta name=\"twitter:creator\" content=\"@ilovelanghe\" \/>\n<meta name=\"twitter:site\" content=\"@ilovelanghe\" \/>\n<meta name=\"twitter:label1\" content=\"Written by\" \/>\n\t<meta name=\"twitter:data1\" content=\"Federico Carpino\" \/>\n\t<meta name=\"twitter:label2\" content=\"Est. reading time\" \/>\n\t<meta name=\"twitter:data2\" content=\"2 minutes\" \/>\n<script type=\"application\/ld+json\" class=\"yoast-schema-graph\">{\"@context\":\"https:\\\/\\\/schema.org\",\"@graph\":[{\"@type\":\"Article\",\"@id\":\"https:\\\/\\\/langhe.net\\\/en\\\/11129\\\/2015-mangialonga-piedmont\\\/#article\",\"isPartOf\":{\"@id\":\"https:\\\/\\\/langhe.net\\\/en\\\/11129\\\/2015-mangialonga-piedmont\\\/\"},\"author\":{\"name\":\"Federico Carpino\",\"@id\":\"https:\\\/\\\/langhe.net\\\/en\\\/#\\\/schema\\\/person\\\/b810d1a21c7f270fd18e698741d1802a\"},\"headline\":\"The 2015 &#8216;Mangialonga&#8217;\",\"datePublished\":\"2015-07-09T17:04:56+00:00\",\"dateModified\":\"2015-07-09T17:06:33+00:00\",\"mainEntityOfPage\":{\"@id\":\"https:\\\/\\\/langhe.net\\\/en\\\/11129\\\/2015-mangialonga-piedmont\\\/\"},\"wordCount\":367,\"commentCount\":0,\"publisher\":{\"@id\":\"https:\\\/\\\/langhe.net\\\/en\\\/#organization\"},\"image\":{\"@id\":\"https:\\\/\\\/langhe.net\\\/en\\\/11129\\\/2015-mangialonga-piedmont\\\/#primaryimage\"},\"thumbnailUrl\":\"https:\\\/\\\/langhe.net\\\/wp-content\\\/uploads\\\/2015\\\/05\\\/mangialonga.jpg\",\"articleSection\":[\"Wandering in Langa\"],\"inLanguage\":\"en-US\",\"potentialAction\":[{\"@type\":\"CommentAction\",\"name\":\"Comment\",\"target\":[\"https:\\\/\\\/langhe.net\\\/en\\\/11129\\\/2015-mangialonga-piedmont\\\/#respond\"]}]},{\"@type\":\"WebPage\",\"@id\":\"https:\\\/\\\/langhe.net\\\/en\\\/11129\\\/2015-mangialonga-piedmont\\\/\",\"url\":\"https:\\\/\\\/langhe.net\\\/en\\\/11129\\\/2015-mangialonga-piedmont\\\/\",\"name\":\"The 2015 'Mangialonga'\",\"isPartOf\":{\"@id\":\"https:\\\/\\\/langhe.net\\\/en\\\/#website\"},\"primaryImageOfPage\":{\"@id\":\"https:\\\/\\\/langhe.net\\\/en\\\/11129\\\/2015-mangialonga-piedmont\\\/#primaryimage\"},\"image\":{\"@id\":\"https:\\\/\\\/langhe.net\\\/en\\\/11129\\\/2015-mangialonga-piedmont\\\/#primaryimage\"},\"thumbnailUrl\":\"https:\\\/\\\/langhe.net\\\/wp-content\\\/uploads\\\/2015\\\/05\\\/mangialonga.jpg\",\"datePublished\":\"2015-07-09T17:04:56+00:00\",\"dateModified\":\"2015-07-09T17:06:33+00:00\",\"description\":\"So here we are, in the summer of 2015 talking about Mangialonga. The Mangialonga is a cross between a walk and a picnic with some variations dictated by\",\"breadcrumb\":{\"@id\":\"https:\\\/\\\/langhe.net\\\/en\\\/11129\\\/2015-mangialonga-piedmont\\\/#breadcrumb\"},\"inLanguage\":\"en-US\",\"potentialAction\":[{\"@type\":\"ReadAction\",\"target\":[\"https:\\\/\\\/langhe.net\\\/en\\\/11129\\\/2015-mangialonga-piedmont\\\/\"]}]},{\"@type\":\"ImageObject\",\"inLanguage\":\"en-US\",\"@id\":\"https:\\\/\\\/langhe.net\\\/en\\\/11129\\\/2015-mangialonga-piedmont\\\/#primaryimage\",\"url\":\"https:\\\/\\\/langhe.net\\\/wp-content\\\/uploads\\\/2015\\\/05\\\/mangialonga.jpg\",\"contentUrl\":\"https:\\\/\\\/langhe.net\\\/wp-content\\\/uploads\\\/2015\\\/05\\\/mangialonga.jpg\",\"width\":1000,\"height\":665,\"caption\":\"mangialonga_langhe\"},{\"@type\":\"BreadcrumbList\",\"@id\":\"https:\\\/\\\/langhe.net\\\/en\\\/11129\\\/2015-mangialonga-piedmont\\\/#breadcrumb\",\"itemListElement\":[{\"@type\":\"ListItem\",\"position\":1,\"name\":\"Home\",\"item\":\"https:\\\/\\\/langhe.net\\\/en\\\/homepage\\\/\"},{\"@type\":\"ListItem\",\"position\":2,\"name\":\"Magazine\",\"item\":\"https:\\\/\\\/langhe.net\\\/en\\\/category\\\/magazine-en\\\/\"},{\"@type\":\"ListItem\",\"position\":3,\"name\":\"Wandering in Langa\",\"item\":\"https:\\\/\\\/langhe.net\\\/en\\\/category\\\/magazine-en\\\/vacation-ideas\\\/\"},{\"@type\":\"ListItem\",\"position\":4,\"name\":\"The 2015 &#8216;Mangialonga&#8217;\"}]},{\"@type\":\"WebSite\",\"@id\":\"https:\\\/\\\/langhe.net\\\/en\\\/#website\",\"url\":\"https:\\\/\\\/langhe.net\\\/en\\\/\",\"name\":\"LoveLanghe\",\"description\":\"...Food and Wine. Art and Culture.\",\"publisher\":{\"@id\":\"https:\\\/\\\/langhe.net\\\/en\\\/#organization\"},\"potentialAction\":[{\"@type\":\"SearchAction\",\"target\":{\"@type\":\"EntryPoint\",\"urlTemplate\":\"https:\\\/\\\/langhe.net\\\/en\\\/?s={search_term_string}\"},\"query-input\":{\"@type\":\"PropertyValueSpecification\",\"valueRequired\":true,\"valueName\":\"search_term_string\"}}],\"inLanguage\":\"en-US\"},{\"@type\":\"Organization\",\"@id\":\"https:\\\/\\\/langhe.net\\\/en\\\/#organization\",\"name\":\"LoveLanghe\",\"url\":\"https:\\\/\\\/langhe.net\\\/en\\\/\",\"logo\":{\"@type\":\"ImageObject\",\"inLanguage\":\"en-US\",\"@id\":\"https:\\\/\\\/langhe.net\\\/en\\\/#\\\/schema\\\/logo\\\/image\\\/\",\"url\":\"https:\\\/\\\/langhe.net\\\/wp-content\\\/uploads\\\/2020\\\/01\\\/favicon.png\",\"contentUrl\":\"https:\\\/\\\/langhe.net\\\/wp-content\\\/uploads\\\/2020\\\/01\\\/favicon.png\",\"width\":122,\"height\":123,\"caption\":\"LoveLanghe\"},\"image\":{\"@id\":\"https:\\\/\\\/langhe.net\\\/en\\\/#\\\/schema\\\/logo\\\/image\\\/\"},\"sameAs\":[\"https:\\\/\\\/www.facebook.com\\\/lovelanghe\",\"https:\\\/\\\/x.com\\\/ilovelanghe\",\"https:\\\/\\\/www.instagram.com\\\/lovelanghe\\\/\",\"https:\\\/\\\/www.youtube.com\\\/channel\\\/UCcXCRJcW2N_aCrKJd5jNWsQ\"]},{\"@type\":\"Person\",\"@id\":\"https:\\\/\\\/langhe.net\\\/en\\\/#\\\/schema\\\/person\\\/b810d1a21c7f270fd18e698741d1802a\",\"name\":\"Federico Carpino\",\"image\":{\"@type\":\"ImageObject\",\"inLanguage\":\"en-US\",\"@id\":\"https:\\\/\\\/secure.gravatar.com\\\/avatar\\\/0c2bc6f9c5c20a6d6e5275af63d153cb6644a67581a2aefb92774d9dff502993?s=96&d=identicon&r=g\",\"url\":\"https:\\\/\\\/secure.gravatar.com\\\/avatar\\\/0c2bc6f9c5c20a6d6e5275af63d153cb6644a67581a2aefb92774d9dff502993?s=96&d=identicon&r=g\",\"contentUrl\":\"https:\\\/\\\/secure.gravatar.com\\\/avatar\\\/0c2bc6f9c5c20a6d6e5275af63d153cb6644a67581a2aefb92774d9dff502993?s=96&d=identicon&r=g\",\"caption\":\"Federico Carpino\"},\"description\":\"In LoveLanghe incontro, consiglio e mi confronto con chi vuole lanciare e promuovere la propria attivit\u00e0 attraverso i servizi del network,. Racconto e documento con penna e macchina fotografica le differenti realt\u00e0 con cui entro in contatto. Guidato dalla curiosit\u00e0 mi interesso di viaggi fotografia, sport e outdoor.\",\"sameAs\":[\"https:\\\/\\\/federicocarpino.com\\\/federico-carpino-photography\",\"https:\\\/\\\/www.facebook.com\\\/FedericoCarpinoPhotography\\\/\",\"https:\\\/\\\/www.instagram.com\\\/federicocarpino\\\/\"],\"url\":\"https:\\\/\\\/langhe.net\\\/en\\\/author\\\/federicocarpino\\\/\"}]}<\/script>\n<!-- \/ Yoast SEO plugin. -->","yoast_head_json":{"title":"The 2015 'Mangialonga'","description":"So here we are, in the summer of 2015 talking about Mangialonga. The Mangialonga is a cross between a walk and a picnic with some variations dictated by","robots":{"index":"index","follow":"follow","max-snippet":"max-snippet:-1","max-image-preview":"max-image-preview:large","max-video-preview":"max-video-preview:-1"},"canonical":"https:\/\/langhe.net\/en\/11129\/2015-mangialonga-piedmont\/","og_locale":"en_US","og_type":"article","og_title":"The 2015 'Mangialonga'","og_description":"So here we are, in the summer of 2015 talking about Mangialonga. The Mangialonga is a cross between a walk and a picnic with some variations dictated by","og_url":"https:\/\/langhe.net\/en\/11129\/2015-mangialonga-piedmont\/","og_site_name":"LoveLanghe","article_publisher":"https:\/\/www.facebook.com\/lovelanghe","article_author":"https:\/\/www.facebook.com\/FedericoCarpinoPhotography\/","article_published_time":"2015-07-09T17:04:56+00:00","article_modified_time":"2015-07-09T17:06:33+00:00","og_image":[{"width":1000,"height":665,"url":"https:\/\/langhe.net\/wp-content\/uploads\/2015\/05\/mangialonga.jpg","type":"image\/jpeg"}],"author":"Federico Carpino","twitter_card":"summary_large_image","twitter_creator":"@ilovelanghe","twitter_site":"@ilovelanghe","twitter_misc":{"Written by":"Federico Carpino","Est. reading time":"2 minutes"},"schema":{"@context":"https:\/\/schema.org","@graph":[{"@type":"Article","@id":"https:\/\/langhe.net\/en\/11129\/2015-mangialonga-piedmont\/#article","isPartOf":{"@id":"https:\/\/langhe.net\/en\/11129\/2015-mangialonga-piedmont\/"},"author":{"name":"Federico Carpino","@id":"https:\/\/langhe.net\/en\/#\/schema\/person\/b810d1a21c7f270fd18e698741d1802a"},"headline":"The 2015 &#8216;Mangialonga&#8217;","datePublished":"2015-07-09T17:04:56+00:00","dateModified":"2015-07-09T17:06:33+00:00","mainEntityOfPage":{"@id":"https:\/\/langhe.net\/en\/11129\/2015-mangialonga-piedmont\/"},"wordCount":367,"commentCount":0,"publisher":{"@id":"https:\/\/langhe.net\/en\/#organization"},"image":{"@id":"https:\/\/langhe.net\/en\/11129\/2015-mangialonga-piedmont\/#primaryimage"},"thumbnailUrl":"https:\/\/langhe.net\/wp-content\/uploads\/2015\/05\/mangialonga.jpg","articleSection":["Wandering in Langa"],"inLanguage":"en-US","potentialAction":[{"@type":"CommentAction","name":"Comment","target":["https:\/\/langhe.net\/en\/11129\/2015-mangialonga-piedmont\/#respond"]}]},{"@type":"WebPage","@id":"https:\/\/langhe.net\/en\/11129\/2015-mangialonga-piedmont\/","url":"https:\/\/langhe.net\/en\/11129\/2015-mangialonga-piedmont\/","name":"The 2015 'Mangialonga'","isPartOf":{"@id":"https:\/\/langhe.net\/en\/#website"},"primaryImageOfPage":{"@id":"https:\/\/langhe.net\/en\/11129\/2015-mangialonga-piedmont\/#primaryimage"},"image":{"@id":"https:\/\/langhe.net\/en\/11129\/2015-mangialonga-piedmont\/#primaryimage"},"thumbnailUrl":"https:\/\/langhe.net\/wp-content\/uploads\/2015\/05\/mangialonga.jpg","datePublished":"2015-07-09T17:04:56+00:00","dateModified":"2015-07-09T17:06:33+00:00","description":"So here we are, in the summer of 2015 talking about Mangialonga. The Mangialonga is a cross between a walk and a picnic with some variations dictated by","breadcrumb":{"@id":"https:\/\/langhe.net\/en\/11129\/2015-mangialonga-piedmont\/#breadcrumb"},"inLanguage":"en-US","potentialAction":[{"@type":"ReadAction","target":["https:\/\/langhe.net\/en\/11129\/2015-mangialonga-piedmont\/"]}]},{"@type":"ImageObject","inLanguage":"en-US","@id":"https:\/\/langhe.net\/en\/11129\/2015-mangialonga-piedmont\/#primaryimage","url":"https:\/\/langhe.net\/wp-content\/uploads\/2015\/05\/mangialonga.jpg","contentUrl":"https:\/\/langhe.net\/wp-content\/uploads\/2015\/05\/mangialonga.jpg","width":1000,"height":665,"caption":"mangialonga_langhe"},{"@type":"BreadcrumbList","@id":"https:\/\/langhe.net\/en\/11129\/2015-mangialonga-piedmont\/#breadcrumb","itemListElement":[{"@type":"ListItem","position":1,"name":"Home","item":"https:\/\/langhe.net\/en\/homepage\/"},{"@type":"ListItem","position":2,"name":"Magazine","item":"https:\/\/langhe.net\/en\/category\/magazine-en\/"},{"@type":"ListItem","position":3,"name":"Wandering in Langa","item":"https:\/\/langhe.net\/en\/category\/magazine-en\/vacation-ideas\/"},{"@type":"ListItem","position":4,"name":"The 2015 &#8216;Mangialonga&#8217;"}]},{"@type":"WebSite","@id":"https:\/\/langhe.net\/en\/#website","url":"https:\/\/langhe.net\/en\/","name":"LoveLanghe","description":"...Food and Wine. Art and Culture.","publisher":{"@id":"https:\/\/langhe.net\/en\/#organization"},"potentialAction":[{"@type":"SearchAction","target":{"@type":"EntryPoint","urlTemplate":"https:\/\/langhe.net\/en\/?s={search_term_string}"},"query-input":{"@type":"PropertyValueSpecification","valueRequired":true,"valueName":"search_term_string"}}],"inLanguage":"en-US"},{"@type":"Organization","@id":"https:\/\/langhe.net\/en\/#organization","name":"LoveLanghe","url":"https:\/\/langhe.net\/en\/","logo":{"@type":"ImageObject","inLanguage":"en-US","@id":"https:\/\/langhe.net\/en\/#\/schema\/logo\/image\/","url":"https:\/\/langhe.net\/wp-content\/uploads\/2020\/01\/favicon.png","contentUrl":"https:\/\/langhe.net\/wp-content\/uploads\/2020\/01\/favicon.png","width":122,"height":123,"caption":"LoveLanghe"},"image":{"@id":"https:\/\/langhe.net\/en\/#\/schema\/logo\/image\/"},"sameAs":["https:\/\/www.facebook.com\/lovelanghe","https:\/\/x.com\/ilovelanghe","https:\/\/www.instagram.com\/lovelanghe\/","https:\/\/www.youtube.com\/channel\/UCcXCRJcW2N_aCrKJd5jNWsQ"]},{"@type":"Person","@id":"https:\/\/langhe.net\/en\/#\/schema\/person\/b810d1a21c7f270fd18e698741d1802a","name":"Federico Carpino","image":{"@type":"ImageObject","inLanguage":"en-US","@id":"https:\/\/secure.gravatar.com\/avatar\/0c2bc6f9c5c20a6d6e5275af63d153cb6644a67581a2aefb92774d9dff502993?s=96&d=identicon&r=g","url":"https:\/\/secure.gravatar.com\/avatar\/0c2bc6f9c5c20a6d6e5275af63d153cb6644a67581a2aefb92774d9dff502993?s=96&d=identicon&r=g","contentUrl":"https:\/\/secure.gravatar.com\/avatar\/0c2bc6f9c5c20a6d6e5275af63d153cb6644a67581a2aefb92774d9dff502993?s=96&d=identicon&r=g","caption":"Federico Carpino"},"description":"In LoveLanghe incontro, consiglio e mi confronto con chi vuole lanciare e promuovere la propria attivit\u00e0 attraverso i servizi del network,. Racconto e documento con penna e macchina fotografica le differenti realt\u00e0 con cui entro in contatto. Guidato dalla curiosit\u00e0 mi interesso di viaggi fotografia, sport e outdoor.","sameAs":["https:\/\/federicocarpino.com\/federico-carpino-photography","https:\/\/www.facebook.com\/FedericoCarpinoPhotography\/","https:\/\/www.instagram.com\/federicocarpino\/"],"url":"https:\/\/langhe.net\/en\/author\/federicocarpino\/"}]}},"acf":[],"_links":{"self":[{"href":"https:\/\/langhe.net\/en\/wp-json\/wp\/v2\/posts\/11129","targetHints":{"allow":["GET"]}}],"collection":[{"href":"https:\/\/langhe.net\/en\/wp-json\/wp\/v2\/posts"}],"about":[{"href":"https:\/\/langhe.net\/en\/wp-json\/wp\/v2\/types\/post"}],"author":[{"embeddable":true,"href":"https:\/\/langhe.net\/en\/wp-json\/wp\/v2\/users\/1255"}],"replies":[{"embeddable":true,"href":"https:\/\/langhe.net\/en\/wp-json\/wp\/v2\/comments?post=11129"}],"version-history":[{"count":0,"href":"https:\/\/langhe.net\/en\/wp-json\/wp\/v2\/posts\/11129\/revisions"}],"wp:featuredmedia":[{"embeddable":true,"href":"https:\/\/langhe.net\/en\/wp-json\/wp\/v2\/media\/87033"}],"wp:attachment":[{"href":"https:\/\/langhe.net\/en\/wp-json\/wp\/v2\/media?parent=11129"}],"wp:term":[{"taxonomy":"category","embeddable":true,"href":"https:\/\/langhe.net\/en\/wp-json\/wp\/v2\/categories?post=11129"},{"taxonomy":"post_tag","embeddable":true,"href":"https:\/\/langhe.net\/en\/wp-json\/wp\/v2\/tags?post=11129"},{"taxonomy":"lgarea","embeddable":true,"href":"https:\/\/langhe.net\/en\/wp-json\/wp\/v2\/lgarea?post=11129"}],"curies":[{"name":"wp","href":"https:\/\/api.w.org\/{rel}","templated":true}]}}